{"id":1085,"date":"2014-04-19T23:59:23","date_gmt":"2014-04-19T22:59:23","guid":{"rendered":"https:\/\/www.adnsolution.net\/mba2\/?p=1085"},"modified":"2021-04-20T00:00:30","modified_gmt":"2021-04-19T23:00:30","slug":"1085-2","status":"publish","type":"post","link":"https:\/\/www.adnsolution.net\/mba2\/1085-2\/","title":{"rendered":"Remise de l\u2019\u0153uvre de Jean-Fran\u00e7ois Millet intitul\u00e9e \u00ab femme donnant \u00e0 manger \u00e0 ses enfants \u00bb"},"content":{"rendered":"<div id=\"NewsPostDetailSummary\"><strong>Une c\u00e9r\u00e9monie de remise de l\u2019\u0153uvre de Jean-Fran\u00e7ois Millet intitul\u00e9e \u00ab\u00a0femme donnant \u00e0 manger \u00e0 ses enfants\u00a0\u00bb, \u0153uvre r\u00e9alis\u00e9e par l\u2019artiste en 1848<\/strong><\/div>\n<div id=\"NewsPostDetailContent\">\n<p>a \u00e9t\u00e9 organis\u00e9e par le minist\u00e8re de la culture, en pr\u00e9sence de la ministre de la culture et d\u2019un certain nombre de personnalit\u00e9s alg\u00e9riennes et \u00e9trang\u00e8res\u00a0; cette \u0153uvre, qui avait \u00e9t\u00e9 acquise dans les ann\u00e9es 50 par la municipalit\u00e9 d\u2019Oran, \u00a0fut d\u00e9rob\u00e9e en 1985, du mus\u00e9e Ahmed zabana.<\/p>\n<p>Son retour sur le territoire alg\u00e9rien faisait suite \u00e0 quelques mois de tractations entre le gouvernement alg\u00e9rien et le gouvernement fran\u00e7ais qui l\u2019avait intercept\u00e9 sur son sol.<\/p>\n<p>Cette \u0153uvre est aujourd\u2019hui visible au mus\u00e9e national des beaux-arts, dans les salles consacr\u00e9es \u00e0 l\u2019\u00e9cole de Barbizon.<\/p>\n<p>La presse nationale\u00a0 a largement couvert l\u2019\u00e9v\u00e8nement.<\/p>\n<\/div>\n","protected":false},"excerpt":{"rendered":"<p>Une c\u00e9r\u00e9monie de remise de l\u2019\u0153uvre de Jean-Fran\u00e7ois Millet intitul\u00e9e \u00ab\u00a0femme donnant \u00e0 manger \u00e0 ses enfants\u00a0\u00bb, \u0153uvre r\u00e9alis\u00e9e par l\u2019artiste en 1848 a \u00e9t\u00e9 organis\u00e9e par le minist\u00e8re de la culture, en pr\u00e9sence de la ministre de la culture et d\u2019un certain nombre de personnalit\u00e9s alg\u00e9riennes et \u00e9trang\u00e8res\u00a0; cette \u0153uvre, qui avait \u00e9t\u00e9 acquise &hellip;<\/p>\n","protected":false},"author":1,"featured_media":0,"comment_status":"closed","ping_status":"closed","sticky":false,"template":"","format":"standard","meta":{"footnotes":""},"categories":[23],"tags":[],"class_list":["post-1085","post","type-post","status-publish","format-standard","","category-evenements"],"_links":{"self":[{"href":"https:\/\/www.adnsolution.net\/mba2\/wp-json\/wp\/v2\/posts\/1085","targetHints":{"allow":["GET"]}}],"collection":[{"href":"https:\/\/www.adnsolution.net\/mba2\/wp-json\/wp\/v2\/posts"}],"about":[{"href":"https:\/\/www.adnsolution.net\/mba2\/wp-json\/wp\/v2\/types\/post"}],"author":[{"embeddable":true,"href":"https:\/\/www.adnsolution.net\/mba2\/wp-json\/wp\/v2\/users\/1"}],"replies":[{"embeddable":true,"href":"https:\/\/www.adnsolution.net\/mba2\/wp-json\/wp\/v2\/comments?post=1085"}],"version-history":[{"count":2,"href":"https:\/\/www.adnsolution.net\/mba2\/wp-json\/wp\/v2\/posts\/1085\/revisions"}],"predecessor-version":[{"id":1087,"href":"https:\/\/www.adnsolution.net\/mba2\/wp-json\/wp\/v2\/posts\/1085\/revisions\/1087"}],"wp:attachment":[{"href":"https:\/\/www.adnsolution.net\/mba2\/wp-json\/wp\/v2\/media?parent=1085"}],"wp:term":[{"taxonomy":"category","embeddable":true,"href":"https:\/\/www.adnsolution.net\/mba2\/wp-json\/wp\/v2\/categories?post=1085"},{"taxonomy":"post_tag","embeddable":true,"href":"https:\/\/www.adnsolution.net\/mba2\/wp-json\/wp\/v2\/tags?post=1085"}],"curies":[{"name":"wp","href":"https:\/\/api.w.org\/{rel}","templated":true}]}}