{"id":1797,"date":"2024-05-16T22:01:53","date_gmt":"2024-05-16T21:01:53","guid":{"rendered":"https:\/\/www.adnsolution.net\/mba2\/?p=1797"},"modified":"2025-02-24T23:50:37","modified_gmt":"2025-02-24T22:50:37","slug":"1797-2","status":"publish","type":"post","link":"https:\/\/www.adnsolution.net\/mba2\/1797-2\/","title":{"rendered":"Mois du patrimoine \u2013 Villa Boulkine, si\u00e8ge provisoire du Grand Mus\u00e9e de l\u2019Afrique,"},"content":{"rendered":"<p>Dans le cadre du Workshop sur \u00ab\u00a0La gestion des risques dans les mus\u00e9es publics nationaux, mus\u00e9es de sites arch\u00e9ologiques et centres d\u2019interpr\u00e9tation \u00e0 caract\u00e8re mus\u00e9al\u00a0\u00bb organis\u00e9 par la Direction de conservation et restauration du patrimoine culturel du minist\u00e8re de la Culture et des Arts, le mus\u00e9e des beaux-arts a particip\u00e9 par une communication sur \u00ab\u00a0La gestion des risques d\u2019infestation en milieu mus\u00e9al \u00bb<\/p>\n<p><img fetchpriority=\"high\" decoding=\"async\" class=\"alignnone wp-image-1800 size-large\" src=\"https:\/\/www.adnsolution.net\/mba2\/wp-content\/uploads\/2024\/05\/p2-1024x591.png\" alt=\"\" width=\"980\" height=\"566\" srcset=\"https:\/\/www.adnsolution.net\/mba2\/wp-content\/uploads\/2024\/05\/p2-1024x591.png 1024w, https:\/\/www.adnsolution.net\/mba2\/wp-content\/uploads\/2024\/05\/p2-300x173.png 300w, https:\/\/www.adnsolution.net\/mba2\/wp-content\/uploads\/2024\/05\/p2-768x443.png 768w, https:\/\/www.adnsolution.net\/mba2\/wp-content\/uploads\/2024\/05\/p2-1536x886.png 1536w, https:\/\/www.adnsolution.net\/mba2\/wp-content\/uploads\/2024\/05\/p2.png 1541w\" sizes=\"(max-width: 980px) 100vw, 980px\" \/><\/p>\n","protected":false},"excerpt":{"rendered":"<p>Dans le cadre du Workshop sur \u00ab\u00a0La gestion des risques dans les mus\u00e9es publics nationaux, mus\u00e9es de sites arch\u00e9ologiques et centres d\u2019interpr\u00e9tation \u00e0 caract\u00e8re mus\u00e9al\u00a0\u00bb organis\u00e9 par la Direction de conservation et restauration du patrimoine culturel du minist\u00e8re de la Culture et des Arts, le mus\u00e9e des beaux-arts a particip\u00e9 par une communication sur \u00ab\u00a0La &hellip;<\/p>\n","protected":false},"author":1,"featured_media":1801,"comment_status":"closed","ping_status":"closed","sticky":false,"template":"","format":"standard","meta":{"footnotes":""},"categories":[1],"tags":[],"class_list":["post-1797","post","type-post","status-publish","format-standard","has-post-thumbnail","","category-actualite"],"_links":{"self":[{"href":"https:\/\/www.adnsolution.net\/mba2\/wp-json\/wp\/v2\/posts\/1797","targetHints":{"allow":["GET"]}}],"collection":[{"href":"https:\/\/www.adnsolution.net\/mba2\/wp-json\/wp\/v2\/posts"}],"about":[{"href":"https:\/\/www.adnsolution.net\/mba2\/wp-json\/wp\/v2\/types\/post"}],"author":[{"embeddable":true,"href":"https:\/\/www.adnsolution.net\/mba2\/wp-json\/wp\/v2\/users\/1"}],"replies":[{"embeddable":true,"href":"https:\/\/www.adnsolution.net\/mba2\/wp-json\/wp\/v2\/comments?post=1797"}],"version-history":[{"count":6,"href":"https:\/\/www.adnsolution.net\/mba2\/wp-json\/wp\/v2\/posts\/1797\/revisions"}],"predecessor-version":[{"id":1819,"href":"https:\/\/www.adnsolution.net\/mba2\/wp-json\/wp\/v2\/posts\/1797\/revisions\/1819"}],"wp:featuredmedia":[{"embeddable":true,"href":"https:\/\/www.adnsolution.net\/mba2\/wp-json\/wp\/v2\/media\/1801"}],"wp:attachment":[{"href":"https:\/\/www.adnsolution.net\/mba2\/wp-json\/wp\/v2\/media?parent=1797"}],"wp:term":[{"taxonomy":"category","embeddable":true,"href":"https:\/\/www.adnsolution.net\/mba2\/wp-json\/wp\/v2\/categories?post=1797"},{"taxonomy":"post_tag","embeddable":true,"href":"https:\/\/www.adnsolution.net\/mba2\/wp-json\/wp\/v2\/tags?post=1797"}],"curies":[{"name":"wp","href":"https:\/\/api.w.org\/{rel}","templated":true}]}}